{"id":21539,"date":"2019-07-05T09:50:34","date_gmt":"2019-07-05T07:50:34","guid":{"rendered":"https:\/\/www.warak.com\/xix-congreso-de-afco-en-huelva\/"},"modified":"2025-09-09T14:55:24","modified_gmt":"2025-09-09T12:55:24","slug":"xix-congres-dafco-a-huelva","status":"publish","type":"post","link":"https:\/\/warakblock.com\/ca\/xix-congres-dafco-a-huelva\/","title":{"rendered":"XIX Congr\u00e9s d\u2019AFCO a Huelva"},"content":{"rendered":"<div class=\"vgblk-rw-wrapper limit-wrapper\">\n\n\tTres dies de pon\u00e8ncies i activitats organitzades per l&#8217;associaci\u00f3 AFCO van servir per renovar coneixements i compartir experi\u00e8ncies entre els prop de 200 assistents que van representar el panorama actual del sector del cartr\u00f3 a Espanya.\nEl senyor Leopoldo Santorrom\u00e1n, president d&#8217;AFCO, va llan\u00e7ar un missatge de positivisme, refor\u00e7at per xerrades de reconeguts analistes que van abordar tend\u00e8ncies i problem\u00e0tiques que afecten el nostre sector i les nostres empreses.\nLa conclusi\u00f3 general va ser que el creixement de l&#8217;economia circular com a motor de la sostenibilitat, i la consci\u00e8ncia cada vegada m\u00e9s gran en la ment del consumidor sobre la reducci\u00f3 de l&#8217;\u00fas de pl\u00e0stics en els envasos, garanteix una etapa de creixement a les empreses vinculades a la idea del reciclatge i a la ind\u00fastria \u00abverda\u00bb en general.\n\n<\/div><!-- .vgblk-rw-wrapper -->","protected":false},"excerpt":{"rendered":"<p>Tres dies de pon\u00e8ncies i activitats organitzades per l&#8217;associaci\u00f3 AFCO van servir per renovar coneixements i compartir experi\u00e8ncies entre els prop de 200 assistents que van representar el panorama actual&#8230;<\/p>\n","protected":false},"author":1,"featured_media":21540,"comment_status":"closed","ping_status":"closed","sticky":false,"template":"","format":"standard","meta":{"inline_featured_image":false,"_price":"","_stock":"","_tribe_ticket_header":"","_tribe_default_ticket_provider":"","_tribe_ticket_capacity":"0","_ticket_start_date":"","_ticket_end_date":"","_tribe_ticket_show_description":"","_tribe_ticket_show_not_going":false,"_tribe_ticket_use_global_stock":"","_tribe_ticket_global_stock_level":"","_global_stock_mode":"","_global_stock_cap":"","_tribe_rsvp_for_event":"","_tribe_ticket_going_count":"","_tribe_ticket_not_going_count":"","_tribe_tickets_list":"[]","_tribe_ticket_has_attendee_info_fields":false,"footnotes":""},"categories":[1731],"tags":[105,1762],"class_list":["post-21539","post","type-post","status-publish","format-standard","has-post-thumbnail","hentry","category-corrugated-ca","tag-ferias-sector","tag-ferias-sector-ca"],"_links":{"self":[{"href":"https:\/\/warakblock.com\/ca\/wp-json\/wp\/v2\/posts\/21539","targetHints":{"allow":["GET"]}}],"collection":[{"href":"https:\/\/warakblock.com\/ca\/wp-json\/wp\/v2\/posts"}],"about":[{"href":"https:\/\/warakblock.com\/ca\/wp-json\/wp\/v2\/types\/post"}],"author":[{"embeddable":true,"href":"https:\/\/warakblock.com\/ca\/wp-json\/wp\/v2\/users\/1"}],"replies":[{"embeddable":true,"href":"https:\/\/warakblock.com\/ca\/wp-json\/wp\/v2\/comments?post=21539"}],"version-history":[{"count":3,"href":"https:\/\/warakblock.com\/ca\/wp-json\/wp\/v2\/posts\/21539\/revisions"}],"predecessor-version":[{"id":25188,"href":"https:\/\/warakblock.com\/ca\/wp-json\/wp\/v2\/posts\/21539\/revisions\/25188"}],"wp:featuredmedia":[{"embeddable":true,"href":"https:\/\/warakblock.com\/ca\/wp-json\/wp\/v2\/media\/21540"}],"wp:attachment":[{"href":"https:\/\/warakblock.com\/ca\/wp-json\/wp\/v2\/media?parent=21539"}],"wp:term":[{"taxonomy":"category","embeddable":true,"href":"https:\/\/warakblock.com\/ca\/wp-json\/wp\/v2\/categories?post=21539"},{"taxonomy":"post_tag","embeddable":true,"href":"https:\/\/warakblock.com\/ca\/wp-json\/wp\/v2\/tags?post=21539"}],"curies":[{"name":"wp","href":"https:\/\/api.w.org\/{rel}","templated":true}]}}